{"id":2039,"date":"2025-10-27T12:03:26","date_gmt":"2025-10-27T15:03:26","guid":{"rendered":"https:\/\/camarapocao.pe.gov.br\/v1\/?p=2039"},"modified":"2025-10-27T12:03:26","modified_gmt":"2025-10-27T15:03:26","slug":"tre-pe-realiza-mutirao-de-atendimento-biometrico-de-6-a-8-de-novembro","status":"publish","type":"post","link":"https:\/\/camarapocao.pe.gov.br\/v1\/tre-pe-realiza-mutirao-de-atendimento-biometrico-de-6-a-8-de-novembro\/","title":{"rendered":"TRE-PE realiza Mutir\u00e3o de Atendimento Biom\u00e9trico de 6 a 8 de novembro"},"content":{"rendered":"<p>O Tribunal Regional Eleitoral de Pernambuco (TRE-PE) promover\u00e1, entre os dias 6 e 8 de novembro de 2025, o Mutir\u00e3o de Atendimento ao Eleitor, com o objetivo de ampliar o n\u00famero de eleitores biometrizados e facilitar o acesso aos servi\u00e7os eleitorais em todo o Estado.<\/p>\n<p>A iniciativa ocorre em raz\u00e3o da proximidade do fechamento do cadastro eleitoral, previsto para 6 de maio de 2026, e busca garantir que todos os eleitores possam regularizar sua situa\u00e7\u00e3o a tempo das Elei\u00e7\u00f5es Gerais de 2026.<\/p>\n<p>Durante o mutir\u00e3o, o funcionamento das Centrais de Atendimento ao Eleitor e dos cart\u00f3rios participantes ser\u00e1 ampliado, com atendimento das 8h \u00e0s 16h, incluindo o s\u00e1bado, dia 8 de novembro.<\/p>\n<p>O presidente do TRE-PE, desembargador C\u00e2ndido J. F. Saraiva de Moraes, destacou que a a\u00e7\u00e3o \u00e9 voltada especialmente para os eleitores que ainda n\u00e3o realizaram o cadastro biom\u00e9trico. \u201cA coleta biom\u00e9trica contribui para reduzir filas, ampliar o conforto e garantir maior seguran\u00e7a ao eleitorado, reafirmando o compromisso da Justi\u00e7a Eleitoral com a moderniza\u00e7\u00e3o e a transpar\u00eancia do processo eleitoral\u201d, afirmou.<\/p>\n<p>O mutir\u00e3o contar\u00e1 com a participa\u00e7\u00e3o das principais Centrais de Atendimento ao Eleitor do Estado, incluindo Recife, Jaboat\u00e3o dos Guararapes, Olinda, Caruaru, Petrolina, Garanhuns, Camaragibe, Paulista, Vit\u00f3ria de Santo Ant\u00e3o, entre outros munic\u00edpios do interior, como \u00c1guas Belas, Brejo da Madre de Deus, Jata\u00faba, Bu\u00edque, Caet\u00e9s, Correntes, Ibimirim e Pesqueira.<\/p>\n<p>O TRE-PE tamb\u00e9m solicitou o apoio das prefeituras municipais para ampliar a divulga\u00e7\u00e3o da a\u00e7\u00e3o, disponibilizar transporte para eleitores de \u00e1reas rurais, oferecer estrutura f\u00edsica complementar, e garantir o suporte das for\u00e7as de seguran\u00e7a locais.<\/p>\n<p>A Justi\u00e7a Eleitoral refor\u00e7a a import\u00e2ncia da participa\u00e7\u00e3o de todos os cidad\u00e3os ainda n\u00e3o biometrizados, lembrando que o cadastramento \u00e9 obrigat\u00f3rio e necess\u00e1rio para o exerc\u00edcio do voto e acesso a diversos servi\u00e7os p\u00fablicos.<\/p>\n<p>Mais informa\u00e7\u00f5es podem ser obtidas junto aos cart\u00f3rios eleitorais e Centrais de Atendimento ao Eleitor das zonas participantes.<\/p>\n<p>Leia o of\u00edcio na \u00edntegra <a href=\"https:\/\/camarapocao.pe.gov.br\/v1\/wp-content\/uploads\/2025\/10\/oficio_trpe_biometria.pdf\" target=\"_blank\" rel=\"noopener\">clicando aqui.<\/a><\/p>\n","protected":false},"excerpt":{"rendered":"<p>O Tribunal Regional Eleitoral de Pernambuco (TRE-PE) promover\u00e1, entre os dias 6 e 8 de novembro de 2025, o Mutir\u00e3o de Atendimento ao Eleitor, com <a class=\"leiamais\" href=\"https:\/\/camarapocao.pe.gov.br\/v1\/tre-pe-realiza-mutirao-de-atendimento-biometrico-de-6-a-8-de-novembro\/\"><i class=\"fa fa-angle-double-right\" aria-hidden=\"true\"><\/i><br \/>\n<\/a><\/p>\n","protected":false},"author":3,"featured_media":2041,"comment_status":"open","ping_status":"open","sticky":false,"template":"","format":"standard","meta":{"footnotes":""},"categories":[4],"tags":[],"class_list":["post-2039","post","type-post","status-publish","format-standard","has-post-thumbnail","hentry","category-noticias","active"],"aioseo_notices":[],"_links":{"self":[{"href":"https:\/\/camarapocao.pe.gov.br\/v1\/wp-json\/wp\/v2\/posts\/2039","targetHints":{"allow":["GET"]}}],"collection":[{"href":"https:\/\/camarapocao.pe.gov.br\/v1\/wp-json\/wp\/v2\/posts"}],"about":[{"href":"https:\/\/camarapocao.pe.gov.br\/v1\/wp-json\/wp\/v2\/types\/post"}],"author":[{"embeddable":true,"href":"https:\/\/camarapocao.pe.gov.br\/v1\/wp-json\/wp\/v2\/users\/3"}],"replies":[{"embeddable":true,"href":"https:\/\/camarapocao.pe.gov.br\/v1\/wp-json\/wp\/v2\/comments?post=2039"}],"version-history":[{"count":1,"href":"https:\/\/camarapocao.pe.gov.br\/v1\/wp-json\/wp\/v2\/posts\/2039\/revisions"}],"predecessor-version":[{"id":2042,"href":"https:\/\/camarapocao.pe.gov.br\/v1\/wp-json\/wp\/v2\/posts\/2039\/revisions\/2042"}],"wp:featuredmedia":[{"embeddable":true,"href":"https:\/\/camarapocao.pe.gov.br\/v1\/wp-json\/wp\/v2\/media\/2041"}],"wp:attachment":[{"href":"https:\/\/camarapocao.pe.gov.br\/v1\/wp-json\/wp\/v2\/media?parent=2039"}],"wp:term":[{"taxonomy":"category","embeddable":true,"href":"https:\/\/camarapocao.pe.gov.br\/v1\/wp-json\/wp\/v2\/categories?post=2039"},{"taxonomy":"post_tag","embeddable":true,"href":"https:\/\/camarapocao.pe.gov.br\/v1\/wp-json\/wp\/v2\/tags?post=2039"}],"curies":[{"name":"wp","href":"https:\/\/api.w.org\/{rel}","templated":true}]}}