{"id":1909,"date":"2025-05-07T14:42:45","date_gmt":"2025-05-07T17:42:45","guid":{"rendered":"https:\/\/camarapocao.pe.gov.br\/v1\/?p=1909"},"modified":"2025-05-07T14:46:33","modified_gmt":"2025-05-07T17:46:33","slug":"registre-se-programa-facilita-emissao-de-documentos-em-pocao","status":"publish","type":"post","link":"https:\/\/camarapocao.pe.gov.br\/v1\/registre-se-programa-facilita-emissao-de-documentos-em-pocao\/","title":{"rendered":"REGISTRE-SE: Programa Facilita Emiss\u00e3o de Documentos em Po\u00e7\u00e3o"},"content":{"rendered":"<p>O Sistema Nacional de Registros, em parceria com o Cart\u00f3rio \u00danico de Po\u00e7\u00e3o, realizar\u00e1 entre os dias 12 e 16 de maio uma campanha especial para facilitar o acesso da popula\u00e7\u00e3o po\u00e7\u00e3oense aos seus documentos civis. O programa REGISTRE-SE tem como objetivo garantir que todos os cidad\u00e3os possam registrar-se adequadamente e obter a 2\u00aa via de certid\u00f5es de nascimento, casamento ou \u00f3bito de familiares.<\/p>\n<p>Durante a campanha, os moradores de Po\u00e7\u00e3o ter\u00e3o acesso ao atendimento exclusivo no Cart\u00f3rio \u00danico, onde poder\u00e3o solicitar os documentos necess\u00e1rios de forma \u00e1gil e simplificada. A iniciativa visa atender especialmente aqueles que enfrentam dificuldades para obter ou regularizar sua documenta\u00e7\u00e3o.<\/p>\n<p>&#8220;Nosso objetivo \u00e9 garantir que todos os cidad\u00e3os tenham seus direitos assegurados por meio da documenta\u00e7\u00e3o civil regularizada. Sabemos que muitos enfrentam dificuldades para conseguir esses documentos e, por isso, organizamos essa campanha em parceria com o Sistema Nacional de Registros&#8221;, destacou o oficial do Cart\u00f3rio \u00danico de Po\u00e7\u00e3o.<\/p>\n<p>A comunidade po\u00e7\u00e3oense \u00e9 convidada a comparecer ao Cart\u00f3rio \u00danico durante o per\u00edodo da campanha para aproveitar essa oportunidade. Leve seus documentos pessoais e, caso necess\u00e1rio, informa\u00e7\u00f5es dos familiares para a emiss\u00e3o da 2\u00aa via de certid\u00f5es.<\/p>\n<p>Servi\u00e7o:<\/p>\n<ul data-spread=\"false\">\n<li><strong>O que:<\/strong> Programa REGISTRE-SE \u2013 Campanha de Emiss\u00e3o de Documentos<\/li>\n<li><strong>Quando:<\/strong> De 12 a 16 de maio<\/li>\n<li><strong>Onde:<\/strong> Cart\u00f3rio \u00danico de Po\u00e7\u00e3o<\/li>\n<li><strong>Quem pode participar:<\/strong> Todos os moradores de Po\u00e7\u00e3o que precisam registrar-se ou obter a 2\u00aa via de certid\u00f5es de nascimento, casamento ou \u00f3bito.<\/li>\n<\/ul>\n<p>N\u00e3o perca essa oportunidade! Garanta a regulariza\u00e7\u00e3o da sua documenta\u00e7\u00e3o e a de seus familiares com praticidade e seguran\u00e7a.<\/p>\n<p><img loading=\"lazy\" decoding=\"async\" class=\"img-responsive alignnone  wp-image-1913\" src=\"https:\/\/camarapocao.pe.gov.br\/v1\/wp-content\/uploads\/2025\/05\/Imagem-do-WhatsApp-de-2025-05-07-as-07.38.30_03a89ba4-169x300.jpg\" alt=\"\" width=\"297\" height=\"527\" \/><\/p>\n<p>&nbsp;<\/p>\n","protected":false},"excerpt":{"rendered":"<p>O Sistema Nacional de Registros, em parceria com o Cart\u00f3rio \u00danico de Po\u00e7\u00e3o, realizar\u00e1 entre os dias 12 e 16 de maio uma campanha especial <a class=\"leiamais\" href=\"https:\/\/camarapocao.pe.gov.br\/v1\/registre-se-programa-facilita-emissao-de-documentos-em-pocao\/\"><i class=\"fa fa-angle-double-right\" aria-hidden=\"true\"><\/i><br \/>\n<\/a><\/p>\n","protected":false},"author":3,"featured_media":1910,"comment_status":"open","ping_status":"closed","sticky":false,"template":"","format":"standard","meta":{"footnotes":""},"categories":[4],"tags":[],"class_list":["post-1909","post","type-post","status-publish","format-standard","has-post-thumbnail","hentry","category-noticias","active"],"aioseo_notices":[],"aioseo_head":"\n\t\t<!-- All in One SEO 5.0.0.1 - aioseo.com -->\n\t<meta name=\"description\" content=\"O Sistema Nacional de Registros, em parceria com o Cart\u00f3rio \u00danico de Po\u00e7\u00e3o, realizar\u00e1 entre os dias 12 e 16 de maio uma campanha especial para facilitar o acesso da popula\u00e7\u00e3o po\u00e7\u00e3oense aos seus documentos civis. O programa REGISTRE-SE tem como objetivo garantir que todos os cidad\u00e3os possam registrar-se adequadamente e obter a 2\u00aa via\" \/>\n\t<meta name=\"robots\" content=\"max-image-preview:large\" \/>\n\t<meta name=\"author\" content=\"luan\"\/>\n\t<meta name=\"google-site-verification\" content=\"AtU5u8aQ8A8gP5Ytzz1_3OWaWfY8wdj52mLhKFPRvpg\" \/>\n\t<link rel=\"canonical\" href=\"https:\/\/camarapocao.pe.gov.br\/v1\/registre-se-programa-facilita-emissao-de-documentos-em-pocao\/\" \/>\n\t<meta name=\"generator\" content=\"All in One SEO (AIOSEO) 5.0.0.1\" \/>\n\t\t<meta property=\"og:locale\" content=\"pt_BR\" \/>\n\t\t<meta property=\"og:site_name\" content=\"Poder Legislativo de Po\u00e7\u00e3o-PE  - Poder Legislativo de Po\u00e7\u00e3o-PE | Selo Diamante em Transpar\u00eancia\" \/>\n\t\t<meta property=\"og:type\" content=\"article\" \/>\n\t\t<meta property=\"og:title\" content=\"REGISTRE-SE: Programa Facilita Emiss\u00e3o de Documentos em Po\u00e7\u00e3o - Poder Legislativo de Po\u00e7\u00e3o-PE\" \/>\n\t\t<meta property=\"og:description\" content=\"O Sistema Nacional de Registros, em parceria com o Cart\u00f3rio \u00danico de Po\u00e7\u00e3o, realizar\u00e1 entre os dias 12 e 16 de maio uma campanha especial para facilitar o acesso da popula\u00e7\u00e3o po\u00e7\u00e3oense aos seus documentos civis. O programa REGISTRE-SE tem como objetivo garantir que todos os cidad\u00e3os possam registrar-se adequadamente e obter a 2\u00aa via\" \/>\n\t\t<meta property=\"og:url\" content=\"https:\/\/camarapocao.pe.gov.br\/v1\/registre-se-programa-facilita-emissao-de-documentos-em-pocao\/\" \/>\n\t\t<meta property=\"og:image\" content=\"https:\/\/camarapocao.pe.gov.br\/v1\/wp-content\/uploads\/2022\/12\/f1c70120-950c-4e4c-8f60-bcaa79c526ef.jpg\" \/>\n\t\t<meta property=\"og:image:secure_url\" content=\"https:\/\/camarapocao.pe.gov.br\/v1\/wp-content\/uploads\/2022\/12\/f1c70120-950c-4e4c-8f60-bcaa79c526ef.jpg\" \/>\n\t\t<meta property=\"og:image:width\" content=\"1080\" \/>\n\t\t<meta property=\"og:image:height\" content=\"808\" \/>\n\t\t<meta property=\"article:published_time\" content=\"2025-05-07T17:42:45+00:00\" \/>\n\t\t<meta property=\"article:modified_time\" content=\"2025-05-07T17:46:33+00:00\" \/>\n\t\t<meta property=\"article:publisher\" content=\"https:\/\/www.facebook.com\/camaramunicipaldepocao\/\" \/>\n\t\t<meta name=\"twitter:card\" content=\"summary_large_image\" \/>\n\t\t<meta name=\"twitter:title\" content=\"REGISTRE-SE: Programa Facilita Emiss\u00e3o de Documentos em Po\u00e7\u00e3o - Poder Legislativo de Po\u00e7\u00e3o-PE\" \/>\n\t\t<meta name=\"twitter:description\" content=\"O Sistema Nacional de Registros, em parceria com o Cart\u00f3rio \u00danico de Po\u00e7\u00e3o, realizar\u00e1 entre os dias 12 e 16 de maio uma campanha especial para facilitar o acesso da popula\u00e7\u00e3o po\u00e7\u00e3oense aos seus documentos civis. O programa REGISTRE-SE tem como objetivo garantir que todos os cidad\u00e3os possam registrar-se adequadamente e obter a 2\u00aa via\" \/>\n\t\t<meta name=\"twitter:image\" content=\"https:\/\/camarapocao.pe.gov.br\/v1\/wp-content\/uploads\/2022\/12\/f1c70120-950c-4e4c-8f60-bcaa79c526ef.jpg\" \/>\n\t\t<script type=\"application\/ld+json\" class=\"aioseo-schema\">\n\t\t\t{\"@context\":\"https:\\\/\\\/schema.org\",\"@graph\":[{\"@type\":\"BlogPosting\",\"@id\":\"https:\\\/\\\/camarapocao.pe.gov.br\\\/v1\\\/registre-se-programa-facilita-emissao-de-documentos-em-pocao\\\/#blogposting\",\"name\":\"REGISTRE-SE: Programa Facilita Emiss\\u00e3o de Documentos em Po\\u00e7\\u00e3o - Poder Legislativo de Po\\u00e7\\u00e3o-PE\",\"headline\":\"REGISTRE-SE: Programa Facilita Emiss\\u00e3o de Documentos em Po\\u00e7\\u00e3o\",\"author\":{\"@id\":\"https:\\\/\\\/camarapocao.pe.gov.br\\\/v1\\\/author\\\/luan\\\/#author\"},\"publisher\":{\"@id\":\"https:\\\/\\\/camarapocao.pe.gov.br\\\/v1\\\/#organization\"},\"image\":{\"@type\":\"ImageObject\",\"url\":\"https:\\\/\\\/camarapocao.pe.gov.br\\\/v1\\\/wp-content\\\/uploads\\\/2025\\\/05\\\/not0725.jpg\",\"width\":1024,\"height\":571},\"datePublished\":\"2025-05-07T14:42:45-03:00\",\"dateModified\":\"2025-05-07T14:46:33-03:00\",\"inLanguage\":\"pt-BR\",\"mainEntityOfPage\":{\"@id\":\"https:\\\/\\\/camarapocao.pe.gov.br\\\/v1\\\/registre-se-programa-facilita-emissao-de-documentos-em-pocao\\\/#webpage\"},\"isPartOf\":{\"@id\":\"https:\\\/\\\/camarapocao.pe.gov.br\\\/v1\\\/registre-se-programa-facilita-emissao-de-documentos-em-pocao\\\/#webpage\"},\"articleSection\":\"NOTICIAS\"},{\"@type\":\"BreadcrumbList\",\"@id\":\"https:\\\/\\\/camarapocao.pe.gov.br\\\/v1\\\/registre-se-programa-facilita-emissao-de-documentos-em-pocao\\\/#breadcrumblist\",\"itemListElement\":[{\"@type\":\"ListItem\",\"@id\":\"https:\\\/\\\/camarapocao.pe.gov.br\\\/v1#listItem\",\"position\":1,\"name\":\"In\\u00edcio\",\"item\":\"https:\\\/\\\/camarapocao.pe.gov.br\\\/v1\",\"nextItem\":{\"@type\":\"ListItem\",\"@id\":\"https:\\\/\\\/camarapocao.pe.gov.br\\\/v1\\\/category\\\/noticias\\\/#listItem\",\"name\":\"NOTICIAS\"}},{\"@type\":\"ListItem\",\"@id\":\"https:\\\/\\\/camarapocao.pe.gov.br\\\/v1\\\/category\\\/noticias\\\/#listItem\",\"position\":2,\"name\":\"NOTICIAS\",\"item\":\"https:\\\/\\\/camarapocao.pe.gov.br\\\/v1\\\/category\\\/noticias\\\/\",\"nextItem\":{\"@type\":\"ListItem\",\"@id\":\"https:\\\/\\\/camarapocao.pe.gov.br\\\/v1\\\/registre-se-programa-facilita-emissao-de-documentos-em-pocao\\\/#listItem\",\"name\":\"REGISTRE-SE: Programa Facilita Emiss\\u00e3o de Documentos em Po\\u00e7\\u00e3o\"},\"previousItem\":{\"@type\":\"ListItem\",\"@id\":\"https:\\\/\\\/camarapocao.pe.gov.br\\\/v1#listItem\",\"name\":\"In\\u00edcio\"}},{\"@type\":\"ListItem\",\"@id\":\"https:\\\/\\\/camarapocao.pe.gov.br\\\/v1\\\/registre-se-programa-facilita-emissao-de-documentos-em-pocao\\\/#listItem\",\"position\":3,\"name\":\"REGISTRE-SE: Programa Facilita Emiss\\u00e3o de Documentos em Po\\u00e7\\u00e3o\",\"previousItem\":{\"@type\":\"ListItem\",\"@id\":\"https:\\\/\\\/camarapocao.pe.gov.br\\\/v1\\\/category\\\/noticias\\\/#listItem\",\"name\":\"NOTICIAS\"}}]},{\"@type\":\"Organization\",\"@id\":\"https:\\\/\\\/camarapocao.pe.gov.br\\\/v1\\\/#organization\",\"name\":\"C\\u00e2mara de Vereadores de Po\\u00e7\\u00e3o - PE\",\"description\":\"Poder Legislativo de Po\\u00e7\\u00e3o-PE | Selo Diamante em Transpar\\u00eancia\",\"url\":\"https:\\\/\\\/camarapocao.pe.gov.br\\\/v1\\\/\",\"telephone\":\"+558738341134\",\"logo\":{\"@type\":\"ImageObject\",\"url\":\"https:\\\/\\\/camarapocao.pe.gov.br\\\/v1\\\/wp-content\\\/uploads\\\/2024\\\/05\\\/logo.png\",\"@id\":\"https:\\\/\\\/camarapocao.pe.gov.br\\\/v1\\\/registre-se-programa-facilita-emissao-de-documentos-em-pocao\\\/#organizationLogo\",\"width\":264,\"height\":187},\"image\":{\"@id\":\"https:\\\/\\\/camarapocao.pe.gov.br\\\/v1\\\/registre-se-programa-facilita-emissao-de-documentos-em-pocao\\\/#organizationLogo\"},\"sameAs\":[\"https:\\\/\\\/www.facebook.com\\\/camaramunicipaldepocao\\\/\",\"https:\\\/\\\/www.instagram.com\\\/camaradevereadorespocao\\\/\"]},{\"@type\":\"Person\",\"@id\":\"https:\\\/\\\/camarapocao.pe.gov.br\\\/v1\\\/author\\\/luan\\\/#author\",\"url\":\"https:\\\/\\\/camarapocao.pe.gov.br\\\/v1\\\/author\\\/luan\\\/\",\"name\":\"luan\",\"image\":{\"@type\":\"ImageObject\",\"@id\":\"https:\\\/\\\/camarapocao.pe.gov.br\\\/v1\\\/registre-se-programa-facilita-emissao-de-documentos-em-pocao\\\/#authorImage\",\"url\":\"https:\\\/\\\/secure.gravatar.com\\\/avatar\\\/903601d6eeda942dbaae36d27f05b7082af3730b0fd660503be36ef3629885c6?s=96&d=mm&r=g\",\"width\":96,\"height\":96,\"caption\":\"luan\"}},{\"@type\":\"WebPage\",\"@id\":\"https:\\\/\\\/camarapocao.pe.gov.br\\\/v1\\\/registre-se-programa-facilita-emissao-de-documentos-em-pocao\\\/#webpage\",\"url\":\"https:\\\/\\\/camarapocao.pe.gov.br\\\/v1\\\/registre-se-programa-facilita-emissao-de-documentos-em-pocao\\\/\",\"name\":\"REGISTRE-SE: Programa Facilita Emiss\\u00e3o de Documentos em Po\\u00e7\\u00e3o - Poder Legislativo de Po\\u00e7\\u00e3o-PE\",\"description\":\"O Sistema Nacional de Registros, em parceria com o Cart\\u00f3rio \\u00danico de Po\\u00e7\\u00e3o, realizar\\u00e1 entre os dias 12 e 16 de maio uma campanha especial para facilitar o acesso da popula\\u00e7\\u00e3o po\\u00e7\\u00e3oense aos seus documentos civis. O programa REGISTRE-SE tem como objetivo garantir que todos os cidad\\u00e3os possam registrar-se adequadamente e obter a 2\\u00aa via\",\"inLanguage\":\"pt-BR\",\"isPartOf\":{\"@id\":\"https:\\\/\\\/camarapocao.pe.gov.br\\\/v1\\\/#website\"},\"breadcrumb\":{\"@id\":\"https:\\\/\\\/camarapocao.pe.gov.br\\\/v1\\\/registre-se-programa-facilita-emissao-de-documentos-em-pocao\\\/#breadcrumblist\"},\"author\":{\"@id\":\"https:\\\/\\\/camarapocao.pe.gov.br\\\/v1\\\/author\\\/luan\\\/#author\"},\"creator\":{\"@id\":\"https:\\\/\\\/camarapocao.pe.gov.br\\\/v1\\\/author\\\/luan\\\/#author\"},\"image\":{\"@type\":\"ImageObject\",\"url\":\"https:\\\/\\\/camarapocao.pe.gov.br\\\/v1\\\/wp-content\\\/uploads\\\/2025\\\/05\\\/not0725.jpg\",\"@id\":\"https:\\\/\\\/camarapocao.pe.gov.br\\\/v1\\\/registre-se-programa-facilita-emissao-de-documentos-em-pocao\\\/#mainImage\",\"width\":1024,\"height\":571},\"primaryImageOfPage\":{\"@id\":\"https:\\\/\\\/camarapocao.pe.gov.br\\\/v1\\\/registre-se-programa-facilita-emissao-de-documentos-em-pocao\\\/#mainImage\"},\"datePublished\":\"2025-05-07T14:42:45-03:00\",\"dateModified\":\"2025-05-07T14:46:33-03:00\"},{\"@type\":\"WebSite\",\"@id\":\"https:\\\/\\\/camarapocao.pe.gov.br\\\/v1\\\/#website\",\"url\":\"https:\\\/\\\/camarapocao.pe.gov.br\\\/v1\\\/\",\"name\":\"C\\u00e2mara de Po\\u00e7\\u00e3o\",\"description\":\"Poder Legislativo de Po\\u00e7\\u00e3o-PE | Selo Diamante em Transpar\\u00eancia\",\"inLanguage\":\"pt-BR\",\"publisher\":{\"@id\":\"https:\\\/\\\/camarapocao.pe.gov.br\\\/v1\\\/#organization\"}}]}\n\t\t<\/script>\n\t\t<!-- All in One SEO -->\n\n","aioseo_head_json":{"title":"REGISTRE-SE: Programa Facilita Emiss\u00e3o de Documentos em Po\u00e7\u00e3o - Poder Legislativo de Po\u00e7\u00e3o-PE","description":"O Sistema Nacional de Registros, em parceria com o Cart\u00f3rio \u00danico de Po\u00e7\u00e3o, realizar\u00e1 entre os dias 12 e 16 de maio uma campanha especial para facilitar o acesso da popula\u00e7\u00e3o po\u00e7\u00e3oense aos seus documentos civis. O programa REGISTRE-SE tem como objetivo garantir que todos os cidad\u00e3os possam registrar-se adequadamente e obter a 2\u00aa via","canonical_url":"https:\/\/camarapocao.pe.gov.br\/v1\/registre-se-programa-facilita-emissao-de-documentos-em-pocao\/","robots":"max-image-preview:large","keywords":"","webmasterTools":{"google-site-verification":"AtU5u8aQ8A8gP5Ytzz1_3OWaWfY8wdj52mLhKFPRvpg","miscellaneous":""},"schema":{"@context":"https:\/\/schema.org","@graph":[{"@type":"BlogPosting","@id":"https:\/\/camarapocao.pe.gov.br\/v1\/registre-se-programa-facilita-emissao-de-documentos-em-pocao\/#blogposting","name":"REGISTRE-SE: Programa Facilita Emiss\u00e3o de Documentos em Po\u00e7\u00e3o - Poder Legislativo de Po\u00e7\u00e3o-PE","headline":"REGISTRE-SE: Programa Facilita Emiss\u00e3o de Documentos em Po\u00e7\u00e3o","author":{"@id":"https:\/\/camarapocao.pe.gov.br\/v1\/author\/luan\/#author"},"publisher":{"@id":"https:\/\/camarapocao.pe.gov.br\/v1\/#organization"},"image":{"@type":"ImageObject","url":"https:\/\/camarapocao.pe.gov.br\/v1\/wp-content\/uploads\/2025\/05\/not0725.jpg","width":1024,"height":571},"datePublished":"2025-05-07T14:42:45-03:00","dateModified":"2025-05-07T14:46:33-03:00","inLanguage":"pt-BR","mainEntityOfPage":{"@id":"https:\/\/camarapocao.pe.gov.br\/v1\/registre-se-programa-facilita-emissao-de-documentos-em-pocao\/#webpage"},"isPartOf":{"@id":"https:\/\/camarapocao.pe.gov.br\/v1\/registre-se-programa-facilita-emissao-de-documentos-em-pocao\/#webpage"},"articleSection":"NOTICIAS"},{"@type":"BreadcrumbList","@id":"https:\/\/camarapocao.pe.gov.br\/v1\/registre-se-programa-facilita-emissao-de-documentos-em-pocao\/#breadcrumblist","itemListElement":[{"@type":"ListItem","@id":"https:\/\/camarapocao.pe.gov.br\/v1#listItem","position":1,"name":"In\u00edcio","item":"https:\/\/camarapocao.pe.gov.br\/v1","nextItem":{"@type":"ListItem","@id":"https:\/\/camarapocao.pe.gov.br\/v1\/category\/noticias\/#listItem","name":"NOTICIAS"}},{"@type":"ListItem","@id":"https:\/\/camarapocao.pe.gov.br\/v1\/category\/noticias\/#listItem","position":2,"name":"NOTICIAS","item":"https:\/\/camarapocao.pe.gov.br\/v1\/category\/noticias\/","nextItem":{"@type":"ListItem","@id":"https:\/\/camarapocao.pe.gov.br\/v1\/registre-se-programa-facilita-emissao-de-documentos-em-pocao\/#listItem","name":"REGISTRE-SE: Programa Facilita Emiss\u00e3o de Documentos em Po\u00e7\u00e3o"},"previousItem":{"@type":"ListItem","@id":"https:\/\/camarapocao.pe.gov.br\/v1#listItem","name":"In\u00edcio"}},{"@type":"ListItem","@id":"https:\/\/camarapocao.pe.gov.br\/v1\/registre-se-programa-facilita-emissao-de-documentos-em-pocao\/#listItem","position":3,"name":"REGISTRE-SE: Programa Facilita Emiss\u00e3o de Documentos em Po\u00e7\u00e3o","previousItem":{"@type":"ListItem","@id":"https:\/\/camarapocao.pe.gov.br\/v1\/category\/noticias\/#listItem","name":"NOTICIAS"}}]},{"@type":"Organization","@id":"https:\/\/camarapocao.pe.gov.br\/v1\/#organization","name":"C\u00e2mara de Vereadores de Po\u00e7\u00e3o - PE","description":"Poder Legislativo de Po\u00e7\u00e3o-PE | Selo Diamante em Transpar\u00eancia","url":"https:\/\/camarapocao.pe.gov.br\/v1\/","telephone":"+558738341134","logo":{"@type":"ImageObject","url":"https:\/\/camarapocao.pe.gov.br\/v1\/wp-content\/uploads\/2024\/05\/logo.png","@id":"https:\/\/camarapocao.pe.gov.br\/v1\/registre-se-programa-facilita-emissao-de-documentos-em-pocao\/#organizationLogo","width":264,"height":187},"image":{"@id":"https:\/\/camarapocao.pe.gov.br\/v1\/registre-se-programa-facilita-emissao-de-documentos-em-pocao\/#organizationLogo"},"sameAs":["https:\/\/www.facebook.com\/camaramunicipaldepocao\/","https:\/\/www.instagram.com\/camaradevereadorespocao\/"]},{"@type":"Person","@id":"https:\/\/camarapocao.pe.gov.br\/v1\/author\/luan\/#author","url":"https:\/\/camarapocao.pe.gov.br\/v1\/author\/luan\/","name":"luan","image":{"@type":"ImageObject","@id":"https:\/\/camarapocao.pe.gov.br\/v1\/registre-se-programa-facilita-emissao-de-documentos-em-pocao\/#authorImage","url":"https:\/\/secure.gravatar.com\/avatar\/903601d6eeda942dbaae36d27f05b7082af3730b0fd660503be36ef3629885c6?s=96&d=mm&r=g","width":96,"height":96,"caption":"luan"}},{"@type":"WebPage","@id":"https:\/\/camarapocao.pe.gov.br\/v1\/registre-se-programa-facilita-emissao-de-documentos-em-pocao\/#webpage","url":"https:\/\/camarapocao.pe.gov.br\/v1\/registre-se-programa-facilita-emissao-de-documentos-em-pocao\/","name":"REGISTRE-SE: Programa Facilita Emiss\u00e3o de Documentos em Po\u00e7\u00e3o - Poder Legislativo de Po\u00e7\u00e3o-PE","description":"O Sistema Nacional de Registros, em parceria com o Cart\u00f3rio \u00danico de Po\u00e7\u00e3o, realizar\u00e1 entre os dias 12 e 16 de maio uma campanha especial para facilitar o acesso da popula\u00e7\u00e3o po\u00e7\u00e3oense aos seus documentos civis. O programa REGISTRE-SE tem como objetivo garantir que todos os cidad\u00e3os possam registrar-se adequadamente e obter a 2\u00aa via","inLanguage":"pt-BR","isPartOf":{"@id":"https:\/\/camarapocao.pe.gov.br\/v1\/#website"},"breadcrumb":{"@id":"https:\/\/camarapocao.pe.gov.br\/v1\/registre-se-programa-facilita-emissao-de-documentos-em-pocao\/#breadcrumblist"},"author":{"@id":"https:\/\/camarapocao.pe.gov.br\/v1\/author\/luan\/#author"},"creator":{"@id":"https:\/\/camarapocao.pe.gov.br\/v1\/author\/luan\/#author"},"image":{"@type":"ImageObject","url":"https:\/\/camarapocao.pe.gov.br\/v1\/wp-content\/uploads\/2025\/05\/not0725.jpg","@id":"https:\/\/camarapocao.pe.gov.br\/v1\/registre-se-programa-facilita-emissao-de-documentos-em-pocao\/#mainImage","width":1024,"height":571},"primaryImageOfPage":{"@id":"https:\/\/camarapocao.pe.gov.br\/v1\/registre-se-programa-facilita-emissao-de-documentos-em-pocao\/#mainImage"},"datePublished":"2025-05-07T14:42:45-03:00","dateModified":"2025-05-07T14:46:33-03:00"},{"@type":"WebSite","@id":"https:\/\/camarapocao.pe.gov.br\/v1\/#website","url":"https:\/\/camarapocao.pe.gov.br\/v1\/","name":"C\u00e2mara de Po\u00e7\u00e3o","description":"Poder Legislativo de Po\u00e7\u00e3o-PE | Selo Diamante em Transpar\u00eancia","inLanguage":"pt-BR","publisher":{"@id":"https:\/\/camarapocao.pe.gov.br\/v1\/#organization"}}]},"og:locale":"pt_BR","og:site_name":"Poder Legislativo de Po\u00e7\u00e3o-PE  - Poder Legislativo de Po\u00e7\u00e3o-PE | Selo Diamante em Transpar\u00eancia","og:type":"article","og:title":"REGISTRE-SE: Programa Facilita Emiss\u00e3o de Documentos em Po\u00e7\u00e3o - Poder Legislativo de Po\u00e7\u00e3o-PE","og:description":"O Sistema Nacional de Registros, em parceria com o Cart\u00f3rio \u00danico de Po\u00e7\u00e3o, realizar\u00e1 entre os dias 12 e 16 de maio uma campanha especial para facilitar o acesso da popula\u00e7\u00e3o po\u00e7\u00e3oense aos seus documentos civis. O programa REGISTRE-SE tem como objetivo garantir que todos os cidad\u00e3os possam registrar-se adequadamente e obter a 2\u00aa via","og:url":"https:\/\/camarapocao.pe.gov.br\/v1\/registre-se-programa-facilita-emissao-de-documentos-em-pocao\/","og:image":"https:\/\/camarapocao.pe.gov.br\/v1\/wp-content\/uploads\/2022\/12\/f1c70120-950c-4e4c-8f60-bcaa79c526ef.jpg","og:image:secure_url":"https:\/\/camarapocao.pe.gov.br\/v1\/wp-content\/uploads\/2022\/12\/f1c70120-950c-4e4c-8f60-bcaa79c526ef.jpg","og:image:width":1080,"og:image:height":808,"article:published_time":"2025-05-07T17:42:45+00:00","article:modified_time":"2025-05-07T17:46:33+00:00","article:publisher":"https:\/\/www.facebook.com\/camaramunicipaldepocao\/","twitter:card":"summary_large_image","twitter:title":"REGISTRE-SE: Programa Facilita Emiss\u00e3o de Documentos em Po\u00e7\u00e3o - Poder Legislativo de Po\u00e7\u00e3o-PE","twitter:description":"O Sistema Nacional de Registros, em parceria com o Cart\u00f3rio \u00danico de Po\u00e7\u00e3o, realizar\u00e1 entre os dias 12 e 16 de maio uma campanha especial para facilitar o acesso da popula\u00e7\u00e3o po\u00e7\u00e3oense aos seus documentos civis. O programa REGISTRE-SE tem como objetivo garantir que todos os cidad\u00e3os possam registrar-se adequadamente e obter a 2\u00aa via","twitter:image":"https:\/\/camarapocao.pe.gov.br\/v1\/wp-content\/uploads\/2022\/12\/f1c70120-950c-4e4c-8f60-bcaa79c526ef.jpg"},"aioseo_meta_data":{"post_id":"1909","title":null,"description":null,"keywords":null,"keyphrases":{"focus":{"keyphrase":"","score":0,"analysis":{"keyphraseInTitle":{"score":0,"maxScore":9,"error":1}}},"additional":[]},"primary_term":null,"canonical_url":null,"og_title":null,"og_description":null,"og_object_type":"default","og_image_type":"default","og_image_url":null,"og_image_width":null,"og_image_height":null,"og_image_custom_url":null,"og_image_custom_fields":null,"og_video":"","og_custom_url":null,"og_article_section":null,"og_article_tags":null,"twitter_use_og":false,"twitter_card":"default","twitter_image_type":"default","twitter_image_url":null,"twitter_image_custom_url":null,"twitter_image_custom_fields":null,"twitter_title":null,"twitter_description":null,"schema":{"blockGraphs":[],"customGraphs":[],"default":{"data":{"Article":[],"Course":[],"Dataset":[],"FAQPage":[],"Movie":[],"Person":[],"Product":[],"ProductReview":[],"Car":[],"Recipe":[],"Service":[],"SoftwareApplication":[],"WebPage":[]},"graphName":"BlogPosting","isEnabled":true},"graphs":[]},"schema_type":"default","schema_type_options":null,"pillar_content":false,"robots_default":true,"robots_noindex":false,"robots_noarchive":false,"robots_nosnippet":false,"robots_nofollow":false,"robots_noimageindex":false,"robots_noodp":false,"robots_notranslate":false,"robots_max_snippet":"-1","robots_max_videopreview":"-1","robots_max_imagepreview":"large","priority":null,"frequency":"default","local_seo":null,"breadcrumb_settings":null,"limit_modified_date":false,"ai":null,"created":"2025-05-07 17:42:45","updated":"2025-07-28 16:44:47","seo_analyzer_scan_date":null,"focus_keyword":null,"additional_keywords":null,"truseo_locale":null},"aioseo_breadcrumb":"<div class=\"aioseo-breadcrumbs\"><span class=\"aioseo-breadcrumb\">\n\t\t\t<a href=\"https:\/\/camarapocao.pe.gov.br\/v1\" title=\"In\u00edcio\">In\u00edcio<\/a>\n\t\t<\/span><span class=\"aioseo-breadcrumb-separator\">&raquo;<\/span><span class=\"aioseo-breadcrumb\">\n\t\t\t<a href=\"https:\/\/camarapocao.pe.gov.br\/v1\/category\/noticias\/\" title=\"NOTICIAS\">NOTICIAS<\/a>\n\t\t<\/span><span class=\"aioseo-breadcrumb-separator\">&raquo;<\/span><span class=\"aioseo-breadcrumb\">\n\t\t\tREGISTRE-SE: Programa Facilita Emiss\u00e3o de Documentos em Po\u00e7\u00e3o\n\t\t<\/span><\/div>","aioseo_breadcrumb_json":[{"label":"In\u00edcio","link":"https:\/\/camarapocao.pe.gov.br\/v1"},{"label":"NOTICIAS","link":"https:\/\/camarapocao.pe.gov.br\/v1\/category\/noticias\/"},{"label":"REGISTRE-SE: Programa Facilita Emiss\u00e3o de Documentos em Po\u00e7\u00e3o","link":"https:\/\/camarapocao.pe.gov.br\/v1\/registre-se-programa-facilita-emissao-de-documentos-em-pocao\/"}],"_links":{"self":[{"href":"https:\/\/camarapocao.pe.gov.br\/v1\/wp-json\/wp\/v2\/posts\/1909","targetHints":{"allow":["GET"]}}],"collection":[{"href":"https:\/\/camarapocao.pe.gov.br\/v1\/wp-json\/wp\/v2\/posts"}],"about":[{"href":"https:\/\/camarapocao.pe.gov.br\/v1\/wp-json\/wp\/v2\/types\/post"}],"author":[{"embeddable":true,"href":"https:\/\/camarapocao.pe.gov.br\/v1\/wp-json\/wp\/v2\/users\/3"}],"replies":[{"embeddable":true,"href":"https:\/\/camarapocao.pe.gov.br\/v1\/wp-json\/wp\/v2\/comments?post=1909"}],"version-history":[{"count":3,"href":"https:\/\/camarapocao.pe.gov.br\/v1\/wp-json\/wp\/v2\/posts\/1909\/revisions"}],"predecessor-version":[{"id":1914,"href":"https:\/\/camarapocao.pe.gov.br\/v1\/wp-json\/wp\/v2\/posts\/1909\/revisions\/1914"}],"wp:featuredmedia":[{"embeddable":true,"href":"https:\/\/camarapocao.pe.gov.br\/v1\/wp-json\/wp\/v2\/media\/1910"}],"wp:attachment":[{"href":"https:\/\/camarapocao.pe.gov.br\/v1\/wp-json\/wp\/v2\/media?parent=1909"}],"wp:term":[{"taxonomy":"category","embeddable":true,"href":"https:\/\/camarapocao.pe.gov.br\/v1\/wp-json\/wp\/v2\/categories?post=1909"},{"taxonomy":"post_tag","embeddable":true,"href":"https:\/\/camarapocao.pe.gov.br\/v1\/wp-json\/wp\/v2\/tags?post=1909"}],"curies":[{"name":"wp","href":"https:\/\/api.w.org\/{rel}","templated":true}]}}