{"id":1827,"date":"2025-03-14T22:58:08","date_gmt":"2025-03-15T01:58:08","guid":{"rendered":"https:\/\/camarapocao.pe.gov.br\/v1\/?p=1827"},"modified":"2025-03-14T22:58:08","modified_gmt":"2025-03-15T01:58:08","slug":"relativa-renovacao-na-camara-municipal-reativa-antigas-discussoes","status":"publish","type":"post","link":"https:\/\/camarapocao.pe.gov.br\/v1\/relativa-renovacao-na-camara-municipal-reativa-antigas-discussoes\/","title":{"rendered":"Relativa renova\u00e7\u00e3o na C\u00e2mara Municipal reativa antigas discuss\u00f5es."},"content":{"rendered":"<p>Durante as primeiras reuni\u00f5es ordin\u00e1rias na C\u00e2mara Municipal de Po\u00e7\u00e3o, o Poder Legislativo vigente j\u00e1 mostrou a que veio. Discuss\u00f5es acaloradas trouxeram \u00e0 baila quest\u00f5es essenciais para o Munic\u00edpio.<\/p>\n<p>Entre os primeiros requerimentos e projetos de lei em discuss\u00e3o, um em quest\u00e3o aqueceu o debate e instaurou um aparente dilema acerca do assunto: trata-se de REQUERIMENTO n\u00b0 06\/2025, de autoria do Vereador J\u00fanior Roberto Bernardo (J\u00fanior Motos \u2013 PP). O objeto de tal pedido versa sobre a solicita\u00e7\u00e3o de um projeto de lei por parte do Poder Executivo que REAJUSTASSE O VALOR SALARIAL dos que recebem o BOLSA VOLUNT\u00c1RIO para R$ 540,00.<\/p>\n<p>O dilema se instaura no momento que alguns parlamentares, buscando mais transpar\u00eancia e responsabilidade, alertam para poss\u00edveis implica\u00e7\u00f5es jur\u00eddicas e or\u00e7ament\u00e1rias advindas desse projeto, embora concordando com o requerimento: \u00e9 caso do parlamentar Jos\u00e9 Edson (Garrafinha \u2013 MDB) que demonstrou algum grau de preocupa\u00e7\u00e3o nos termos: \u201cEu sou a favor, quero deixar claro, o parabenizo (Junior Motos) e acredito que ser\u00e1 aprovado por unanimidade, mas a gente se preocupa, porque n\u00e3o sabemos como o Minist\u00e9rio P\u00fablico pode entender essa lei, tenho medo de prejudicar as 600 fam\u00edlias que trabalham hoje como volunt\u00e1rias.\u201d<\/p>\n<p>O parlamentar Silvio Andrade (MDB), por sua vez, pontuou que \u201cO vereador n\u00e3o pode gerar despesa, estamos entre a faca e a peixeira, eu entendo e concordo com o requerimento, porque a defasagem \u00e9 grande, por mim, a gente aumentava logo para um sal\u00e1rio m\u00ednimo; eu n\u00e3o vou contra o povo, mas tenho medo de se dar errado, quem vai assumir o erro se isso acontecer?\u201d<\/p>\n<p>J\u00e1 o vereador Cledson Oliveira (PP) reconheceu a import\u00e2ncia dos volunt\u00e1rios, afirmou que estava de pleno acordo com o requerimento, mas solicitou uma maior cautela em rela\u00e7\u00e3o \u00e0 tramita\u00e7\u00e3o desse poss\u00edvel projeto de lei: \u201ceu acho que precisamos de um olhar mais criterioso, se um projeto pode vir a causar algum dano \u00e0 popula\u00e7\u00e3o, que este seja analisado pelo jur\u00eddico e discutido com mais cuidado, mas ainda acho pouco, esses trabalhadores merecem ainda mais.\u201d<\/p>\n<p>Em contraposi\u00e7\u00e3o \u00e0s indaga\u00e7\u00f5es de seus colegas, o parlamentar Napole\u00e3o Cordeiro (Junior de Batalha \u2013 MDB) saiu na defesa irrestrita de seu colega: \u201cO vereador \u00e9 livre para solicitar o que quiser, o vereador Junior Motos est\u00e1 apenas solicitando, atrav\u00e9s de requerimento, que a Prefeitura encaminhasse um Projeto de Lei regulamentando, e fez a indica\u00e7\u00e3o de valor; o que est\u00e3o fazendo com o vereador Junior Motos \u00e9 injusti\u00e7a.\u201d<\/p>\n<p>Durante a terceira reuni\u00e3o ordin\u00e1ria, todos os vereadores deixaram claro que o dilema apenas se estabeleceu nas especificidades assess\u00f3rias do poss\u00edvel projeto de lei, reafirmando que TODOS s\u00e3o de total acordo com o requerimento\u00a0discutido.<\/p>\n","protected":false},"excerpt":{"rendered":"<p>Durante as primeiras reuni\u00f5es ordin\u00e1rias na C\u00e2mara Municipal de Po\u00e7\u00e3o, o Poder Legislativo vigente j\u00e1 mostrou a que veio. Discuss\u00f5es acaloradas trouxeram \u00e0 baila quest\u00f5es <a class=\"leiamais\" href=\"https:\/\/camarapocao.pe.gov.br\/v1\/relativa-renovacao-na-camara-municipal-reativa-antigas-discussoes\/\"><i class=\"fa fa-angle-double-right\" aria-hidden=\"true\"><\/i><br \/>\n<\/a><\/p>\n","protected":false},"author":3,"featured_media":1829,"comment_status":"open","ping_status":"closed","sticky":false,"template":"","format":"standard","meta":{"footnotes":""},"categories":[4],"tags":[],"class_list":["post-1827","post","type-post","status-publish","format-standard","has-post-thumbnail","hentry","category-noticias","active"],"aioseo_notices":[],"aioseo_head":"\n\t\t<!-- All in One SEO 5.0.0.1 - aioseo.com -->\n\t<meta name=\"description\" content=\"Durante as primeiras reuni\u00f5es ordin\u00e1rias na C\u00e2mara Municipal de Po\u00e7\u00e3o, o Poder Legislativo vigente j\u00e1 mostrou a que veio. Discuss\u00f5es acaloradas trouxeram \u00e0 baila quest\u00f5es essenciais para o Munic\u00edpio. Entre os primeiros requerimentos e projetos de lei em discuss\u00e3o, um em quest\u00e3o aqueceu o debate e instaurou um aparente dilema acerca do assunto: trata-se de\" \/>\n\t<meta name=\"robots\" content=\"max-image-preview:large\" \/>\n\t<meta name=\"author\" content=\"luan\"\/>\n\t<meta name=\"google-site-verification\" content=\"AtU5u8aQ8A8gP5Ytzz1_3OWaWfY8wdj52mLhKFPRvpg\" \/>\n\t<link rel=\"canonical\" href=\"https:\/\/camarapocao.pe.gov.br\/v1\/relativa-renovacao-na-camara-municipal-reativa-antigas-discussoes\/\" \/>\n\t<meta name=\"generator\" content=\"All in One SEO (AIOSEO) 5.0.0.1\" \/>\n\t\t<meta property=\"og:locale\" content=\"pt_BR\" \/>\n\t\t<meta property=\"og:site_name\" content=\"Poder Legislativo de Po\u00e7\u00e3o-PE  - Poder Legislativo de Po\u00e7\u00e3o-PE | Selo Diamante em Transpar\u00eancia\" \/>\n\t\t<meta property=\"og:type\" content=\"article\" \/>\n\t\t<meta property=\"og:title\" content=\"Relativa renova\u00e7\u00e3o na C\u00e2mara Municipal reativa antigas discuss\u00f5es. - Poder Legislativo de Po\u00e7\u00e3o-PE\" \/>\n\t\t<meta property=\"og:description\" content=\"Durante as primeiras reuni\u00f5es ordin\u00e1rias na C\u00e2mara Municipal de Po\u00e7\u00e3o, o Poder Legislativo vigente j\u00e1 mostrou a que veio. Discuss\u00f5es acaloradas trouxeram \u00e0 baila quest\u00f5es essenciais para o Munic\u00edpio. Entre os primeiros requerimentos e projetos de lei em discuss\u00e3o, um em quest\u00e3o aqueceu o debate e instaurou um aparente dilema acerca do assunto: trata-se de\" \/>\n\t\t<meta property=\"og:url\" content=\"https:\/\/camarapocao.pe.gov.br\/v1\/relativa-renovacao-na-camara-municipal-reativa-antigas-discussoes\/\" \/>\n\t\t<meta property=\"og:image\" content=\"https:\/\/camarapocao.pe.gov.br\/v1\/wp-content\/uploads\/2022\/12\/f1c70120-950c-4e4c-8f60-bcaa79c526ef.jpg\" \/>\n\t\t<meta property=\"og:image:secure_url\" content=\"https:\/\/camarapocao.pe.gov.br\/v1\/wp-content\/uploads\/2022\/12\/f1c70120-950c-4e4c-8f60-bcaa79c526ef.jpg\" \/>\n\t\t<meta property=\"og:image:width\" content=\"1080\" \/>\n\t\t<meta property=\"og:image:height\" content=\"808\" \/>\n\t\t<meta property=\"article:published_time\" content=\"2025-03-15T01:58:08+00:00\" \/>\n\t\t<meta property=\"article:modified_time\" content=\"2025-03-15T01:58:08+00:00\" \/>\n\t\t<meta property=\"article:publisher\" content=\"https:\/\/www.facebook.com\/camaramunicipaldepocao\/\" \/>\n\t\t<meta name=\"twitter:card\" content=\"summary_large_image\" \/>\n\t\t<meta name=\"twitter:title\" content=\"Relativa renova\u00e7\u00e3o na C\u00e2mara Municipal reativa antigas discuss\u00f5es. - Poder Legislativo de Po\u00e7\u00e3o-PE\" \/>\n\t\t<meta name=\"twitter:description\" content=\"Durante as primeiras reuni\u00f5es ordin\u00e1rias na C\u00e2mara Municipal de Po\u00e7\u00e3o, o Poder Legislativo vigente j\u00e1 mostrou a que veio. Discuss\u00f5es acaloradas trouxeram \u00e0 baila quest\u00f5es essenciais para o Munic\u00edpio. Entre os primeiros requerimentos e projetos de lei em discuss\u00e3o, um em quest\u00e3o aqueceu o debate e instaurou um aparente dilema acerca do assunto: trata-se de\" \/>\n\t\t<meta name=\"twitter:image\" content=\"https:\/\/camarapocao.pe.gov.br\/v1\/wp-content\/uploads\/2022\/12\/f1c70120-950c-4e4c-8f60-bcaa79c526ef.jpg\" \/>\n\t\t<script type=\"application\/ld+json\" class=\"aioseo-schema\">\n\t\t\t{\"@context\":\"https:\\\/\\\/schema.org\",\"@graph\":[{\"@type\":\"BlogPosting\",\"@id\":\"https:\\\/\\\/camarapocao.pe.gov.br\\\/v1\\\/relativa-renovacao-na-camara-municipal-reativa-antigas-discussoes\\\/#blogposting\",\"name\":\"Relativa renova\\u00e7\\u00e3o na C\\u00e2mara Municipal reativa antigas discuss\\u00f5es. - Poder Legislativo de Po\\u00e7\\u00e3o-PE\",\"headline\":\"Relativa renova\\u00e7\\u00e3o na C\\u00e2mara Municipal reativa antigas discuss\\u00f5es.\",\"author\":{\"@id\":\"https:\\\/\\\/camarapocao.pe.gov.br\\\/v1\\\/author\\\/luan\\\/#author\"},\"publisher\":{\"@id\":\"https:\\\/\\\/camarapocao.pe.gov.br\\\/v1\\\/#organization\"},\"image\":{\"@type\":\"ImageObject\",\"url\":\"https:\\\/\\\/camarapocao.pe.gov.br\\\/v1\\\/wp-content\\\/uploads\\\/2025\\\/03\\\/camara01.jpg\",\"width\":2560,\"height\":1439},\"datePublished\":\"2025-03-14T22:58:08-03:00\",\"dateModified\":\"2025-03-14T22:58:08-03:00\",\"inLanguage\":\"pt-BR\",\"mainEntityOfPage\":{\"@id\":\"https:\\\/\\\/camarapocao.pe.gov.br\\\/v1\\\/relativa-renovacao-na-camara-municipal-reativa-antigas-discussoes\\\/#webpage\"},\"isPartOf\":{\"@id\":\"https:\\\/\\\/camarapocao.pe.gov.br\\\/v1\\\/relativa-renovacao-na-camara-municipal-reativa-antigas-discussoes\\\/#webpage\"},\"articleSection\":\"NOTICIAS\"},{\"@type\":\"BreadcrumbList\",\"@id\":\"https:\\\/\\\/camarapocao.pe.gov.br\\\/v1\\\/relativa-renovacao-na-camara-municipal-reativa-antigas-discussoes\\\/#breadcrumblist\",\"itemListElement\":[{\"@type\":\"ListItem\",\"@id\":\"https:\\\/\\\/camarapocao.pe.gov.br\\\/v1#listItem\",\"position\":1,\"name\":\"In\\u00edcio\",\"item\":\"https:\\\/\\\/camarapocao.pe.gov.br\\\/v1\",\"nextItem\":{\"@type\":\"ListItem\",\"@id\":\"https:\\\/\\\/camarapocao.pe.gov.br\\\/v1\\\/category\\\/noticias\\\/#listItem\",\"name\":\"NOTICIAS\"}},{\"@type\":\"ListItem\",\"@id\":\"https:\\\/\\\/camarapocao.pe.gov.br\\\/v1\\\/category\\\/noticias\\\/#listItem\",\"position\":2,\"name\":\"NOTICIAS\",\"item\":\"https:\\\/\\\/camarapocao.pe.gov.br\\\/v1\\\/category\\\/noticias\\\/\",\"nextItem\":{\"@type\":\"ListItem\",\"@id\":\"https:\\\/\\\/camarapocao.pe.gov.br\\\/v1\\\/relativa-renovacao-na-camara-municipal-reativa-antigas-discussoes\\\/#listItem\",\"name\":\"Relativa renova\\u00e7\\u00e3o na C\\u00e2mara Municipal reativa antigas discuss\\u00f5es.\"},\"previousItem\":{\"@type\":\"ListItem\",\"@id\":\"https:\\\/\\\/camarapocao.pe.gov.br\\\/v1#listItem\",\"name\":\"In\\u00edcio\"}},{\"@type\":\"ListItem\",\"@id\":\"https:\\\/\\\/camarapocao.pe.gov.br\\\/v1\\\/relativa-renovacao-na-camara-municipal-reativa-antigas-discussoes\\\/#listItem\",\"position\":3,\"name\":\"Relativa renova\\u00e7\\u00e3o na C\\u00e2mara Municipal reativa antigas discuss\\u00f5es.\",\"previousItem\":{\"@type\":\"ListItem\",\"@id\":\"https:\\\/\\\/camarapocao.pe.gov.br\\\/v1\\\/category\\\/noticias\\\/#listItem\",\"name\":\"NOTICIAS\"}}]},{\"@type\":\"Organization\",\"@id\":\"https:\\\/\\\/camarapocao.pe.gov.br\\\/v1\\\/#organization\",\"name\":\"C\\u00e2mara de Vereadores de Po\\u00e7\\u00e3o - PE\",\"description\":\"Poder Legislativo de Po\\u00e7\\u00e3o-PE | Selo Diamante em Transpar\\u00eancia\",\"url\":\"https:\\\/\\\/camarapocao.pe.gov.br\\\/v1\\\/\",\"telephone\":\"+558738341134\",\"logo\":{\"@type\":\"ImageObject\",\"url\":\"https:\\\/\\\/camarapocao.pe.gov.br\\\/v1\\\/wp-content\\\/uploads\\\/2024\\\/05\\\/logo.png\",\"@id\":\"https:\\\/\\\/camarapocao.pe.gov.br\\\/v1\\\/relativa-renovacao-na-camara-municipal-reativa-antigas-discussoes\\\/#organizationLogo\",\"width\":264,\"height\":187},\"image\":{\"@id\":\"https:\\\/\\\/camarapocao.pe.gov.br\\\/v1\\\/relativa-renovacao-na-camara-municipal-reativa-antigas-discussoes\\\/#organizationLogo\"},\"sameAs\":[\"https:\\\/\\\/www.facebook.com\\\/camaramunicipaldepocao\\\/\",\"https:\\\/\\\/www.instagram.com\\\/camaradevereadorespocao\\\/\"]},{\"@type\":\"Person\",\"@id\":\"https:\\\/\\\/camarapocao.pe.gov.br\\\/v1\\\/author\\\/luan\\\/#author\",\"url\":\"https:\\\/\\\/camarapocao.pe.gov.br\\\/v1\\\/author\\\/luan\\\/\",\"name\":\"luan\",\"image\":{\"@type\":\"ImageObject\",\"@id\":\"https:\\\/\\\/camarapocao.pe.gov.br\\\/v1\\\/relativa-renovacao-na-camara-municipal-reativa-antigas-discussoes\\\/#authorImage\",\"url\":\"https:\\\/\\\/secure.gravatar.com\\\/avatar\\\/903601d6eeda942dbaae36d27f05b7082af3730b0fd660503be36ef3629885c6?s=96&d=mm&r=g\",\"width\":96,\"height\":96,\"caption\":\"luan\"}},{\"@type\":\"WebPage\",\"@id\":\"https:\\\/\\\/camarapocao.pe.gov.br\\\/v1\\\/relativa-renovacao-na-camara-municipal-reativa-antigas-discussoes\\\/#webpage\",\"url\":\"https:\\\/\\\/camarapocao.pe.gov.br\\\/v1\\\/relativa-renovacao-na-camara-municipal-reativa-antigas-discussoes\\\/\",\"name\":\"Relativa renova\\u00e7\\u00e3o na C\\u00e2mara Municipal reativa antigas discuss\\u00f5es. - Poder Legislativo de Po\\u00e7\\u00e3o-PE\",\"description\":\"Durante as primeiras reuni\\u00f5es ordin\\u00e1rias na C\\u00e2mara Municipal de Po\\u00e7\\u00e3o, o Poder Legislativo vigente j\\u00e1 mostrou a que veio. Discuss\\u00f5es acaloradas trouxeram \\u00e0 baila quest\\u00f5es essenciais para o Munic\\u00edpio. Entre os primeiros requerimentos e projetos de lei em discuss\\u00e3o, um em quest\\u00e3o aqueceu o debate e instaurou um aparente dilema acerca do assunto: trata-se de\",\"inLanguage\":\"pt-BR\",\"isPartOf\":{\"@id\":\"https:\\\/\\\/camarapocao.pe.gov.br\\\/v1\\\/#website\"},\"breadcrumb\":{\"@id\":\"https:\\\/\\\/camarapocao.pe.gov.br\\\/v1\\\/relativa-renovacao-na-camara-municipal-reativa-antigas-discussoes\\\/#breadcrumblist\"},\"author\":{\"@id\":\"https:\\\/\\\/camarapocao.pe.gov.br\\\/v1\\\/author\\\/luan\\\/#author\"},\"creator\":{\"@id\":\"https:\\\/\\\/camarapocao.pe.gov.br\\\/v1\\\/author\\\/luan\\\/#author\"},\"image\":{\"@type\":\"ImageObject\",\"url\":\"https:\\\/\\\/camarapocao.pe.gov.br\\\/v1\\\/wp-content\\\/uploads\\\/2025\\\/03\\\/camara01.jpg\",\"@id\":\"https:\\\/\\\/camarapocao.pe.gov.br\\\/v1\\\/relativa-renovacao-na-camara-municipal-reativa-antigas-discussoes\\\/#mainImage\",\"width\":2560,\"height\":1439},\"primaryImageOfPage\":{\"@id\":\"https:\\\/\\\/camarapocao.pe.gov.br\\\/v1\\\/relativa-renovacao-na-camara-municipal-reativa-antigas-discussoes\\\/#mainImage\"},\"datePublished\":\"2025-03-14T22:58:08-03:00\",\"dateModified\":\"2025-03-14T22:58:08-03:00\"},{\"@type\":\"WebSite\",\"@id\":\"https:\\\/\\\/camarapocao.pe.gov.br\\\/v1\\\/#website\",\"url\":\"https:\\\/\\\/camarapocao.pe.gov.br\\\/v1\\\/\",\"name\":\"C\\u00e2mara de Po\\u00e7\\u00e3o\",\"description\":\"Poder Legislativo de Po\\u00e7\\u00e3o-PE | Selo Diamante em Transpar\\u00eancia\",\"inLanguage\":\"pt-BR\",\"publisher\":{\"@id\":\"https:\\\/\\\/camarapocao.pe.gov.br\\\/v1\\\/#organization\"}}]}\n\t\t<\/script>\n\t\t<!-- All in One SEO -->\n\n","aioseo_head_json":{"title":"Relativa renova\u00e7\u00e3o na C\u00e2mara Municipal reativa antigas discuss\u00f5es. - Poder Legislativo de Po\u00e7\u00e3o-PE","description":"Durante as primeiras reuni\u00f5es ordin\u00e1rias na C\u00e2mara Municipal de Po\u00e7\u00e3o, o Poder Legislativo vigente j\u00e1 mostrou a que veio. Discuss\u00f5es acaloradas trouxeram \u00e0 baila quest\u00f5es essenciais para o Munic\u00edpio. Entre os primeiros requerimentos e projetos de lei em discuss\u00e3o, um em quest\u00e3o aqueceu o debate e instaurou um aparente dilema acerca do assunto: trata-se de","canonical_url":"https:\/\/camarapocao.pe.gov.br\/v1\/relativa-renovacao-na-camara-municipal-reativa-antigas-discussoes\/","robots":"max-image-preview:large","keywords":"","webmasterTools":{"google-site-verification":"AtU5u8aQ8A8gP5Ytzz1_3OWaWfY8wdj52mLhKFPRvpg","miscellaneous":""},"schema":{"@context":"https:\/\/schema.org","@graph":[{"@type":"BlogPosting","@id":"https:\/\/camarapocao.pe.gov.br\/v1\/relativa-renovacao-na-camara-municipal-reativa-antigas-discussoes\/#blogposting","name":"Relativa renova\u00e7\u00e3o na C\u00e2mara Municipal reativa antigas discuss\u00f5es. - Poder Legislativo de Po\u00e7\u00e3o-PE","headline":"Relativa renova\u00e7\u00e3o na C\u00e2mara Municipal reativa antigas discuss\u00f5es.","author":{"@id":"https:\/\/camarapocao.pe.gov.br\/v1\/author\/luan\/#author"},"publisher":{"@id":"https:\/\/camarapocao.pe.gov.br\/v1\/#organization"},"image":{"@type":"ImageObject","url":"https:\/\/camarapocao.pe.gov.br\/v1\/wp-content\/uploads\/2025\/03\/camara01.jpg","width":2560,"height":1439},"datePublished":"2025-03-14T22:58:08-03:00","dateModified":"2025-03-14T22:58:08-03:00","inLanguage":"pt-BR","mainEntityOfPage":{"@id":"https:\/\/camarapocao.pe.gov.br\/v1\/relativa-renovacao-na-camara-municipal-reativa-antigas-discussoes\/#webpage"},"isPartOf":{"@id":"https:\/\/camarapocao.pe.gov.br\/v1\/relativa-renovacao-na-camara-municipal-reativa-antigas-discussoes\/#webpage"},"articleSection":"NOTICIAS"},{"@type":"BreadcrumbList","@id":"https:\/\/camarapocao.pe.gov.br\/v1\/relativa-renovacao-na-camara-municipal-reativa-antigas-discussoes\/#breadcrumblist","itemListElement":[{"@type":"ListItem","@id":"https:\/\/camarapocao.pe.gov.br\/v1#listItem","position":1,"name":"In\u00edcio","item":"https:\/\/camarapocao.pe.gov.br\/v1","nextItem":{"@type":"ListItem","@id":"https:\/\/camarapocao.pe.gov.br\/v1\/category\/noticias\/#listItem","name":"NOTICIAS"}},{"@type":"ListItem","@id":"https:\/\/camarapocao.pe.gov.br\/v1\/category\/noticias\/#listItem","position":2,"name":"NOTICIAS","item":"https:\/\/camarapocao.pe.gov.br\/v1\/category\/noticias\/","nextItem":{"@type":"ListItem","@id":"https:\/\/camarapocao.pe.gov.br\/v1\/relativa-renovacao-na-camara-municipal-reativa-antigas-discussoes\/#listItem","name":"Relativa renova\u00e7\u00e3o na C\u00e2mara Municipal reativa antigas discuss\u00f5es."},"previousItem":{"@type":"ListItem","@id":"https:\/\/camarapocao.pe.gov.br\/v1#listItem","name":"In\u00edcio"}},{"@type":"ListItem","@id":"https:\/\/camarapocao.pe.gov.br\/v1\/relativa-renovacao-na-camara-municipal-reativa-antigas-discussoes\/#listItem","position":3,"name":"Relativa renova\u00e7\u00e3o na C\u00e2mara Municipal reativa antigas discuss\u00f5es.","previousItem":{"@type":"ListItem","@id":"https:\/\/camarapocao.pe.gov.br\/v1\/category\/noticias\/#listItem","name":"NOTICIAS"}}]},{"@type":"Organization","@id":"https:\/\/camarapocao.pe.gov.br\/v1\/#organization","name":"C\u00e2mara de Vereadores de Po\u00e7\u00e3o - PE","description":"Poder Legislativo de Po\u00e7\u00e3o-PE | Selo Diamante em Transpar\u00eancia","url":"https:\/\/camarapocao.pe.gov.br\/v1\/","telephone":"+558738341134","logo":{"@type":"ImageObject","url":"https:\/\/camarapocao.pe.gov.br\/v1\/wp-content\/uploads\/2024\/05\/logo.png","@id":"https:\/\/camarapocao.pe.gov.br\/v1\/relativa-renovacao-na-camara-municipal-reativa-antigas-discussoes\/#organizationLogo","width":264,"height":187},"image":{"@id":"https:\/\/camarapocao.pe.gov.br\/v1\/relativa-renovacao-na-camara-municipal-reativa-antigas-discussoes\/#organizationLogo"},"sameAs":["https:\/\/www.facebook.com\/camaramunicipaldepocao\/","https:\/\/www.instagram.com\/camaradevereadorespocao\/"]},{"@type":"Person","@id":"https:\/\/camarapocao.pe.gov.br\/v1\/author\/luan\/#author","url":"https:\/\/camarapocao.pe.gov.br\/v1\/author\/luan\/","name":"luan","image":{"@type":"ImageObject","@id":"https:\/\/camarapocao.pe.gov.br\/v1\/relativa-renovacao-na-camara-municipal-reativa-antigas-discussoes\/#authorImage","url":"https:\/\/secure.gravatar.com\/avatar\/903601d6eeda942dbaae36d27f05b7082af3730b0fd660503be36ef3629885c6?s=96&d=mm&r=g","width":96,"height":96,"caption":"luan"}},{"@type":"WebPage","@id":"https:\/\/camarapocao.pe.gov.br\/v1\/relativa-renovacao-na-camara-municipal-reativa-antigas-discussoes\/#webpage","url":"https:\/\/camarapocao.pe.gov.br\/v1\/relativa-renovacao-na-camara-municipal-reativa-antigas-discussoes\/","name":"Relativa renova\u00e7\u00e3o na C\u00e2mara Municipal reativa antigas discuss\u00f5es. - Poder Legislativo de Po\u00e7\u00e3o-PE","description":"Durante as primeiras reuni\u00f5es ordin\u00e1rias na C\u00e2mara Municipal de Po\u00e7\u00e3o, o Poder Legislativo vigente j\u00e1 mostrou a que veio. Discuss\u00f5es acaloradas trouxeram \u00e0 baila quest\u00f5es essenciais para o Munic\u00edpio. Entre os primeiros requerimentos e projetos de lei em discuss\u00e3o, um em quest\u00e3o aqueceu o debate e instaurou um aparente dilema acerca do assunto: trata-se de","inLanguage":"pt-BR","isPartOf":{"@id":"https:\/\/camarapocao.pe.gov.br\/v1\/#website"},"breadcrumb":{"@id":"https:\/\/camarapocao.pe.gov.br\/v1\/relativa-renovacao-na-camara-municipal-reativa-antigas-discussoes\/#breadcrumblist"},"author":{"@id":"https:\/\/camarapocao.pe.gov.br\/v1\/author\/luan\/#author"},"creator":{"@id":"https:\/\/camarapocao.pe.gov.br\/v1\/author\/luan\/#author"},"image":{"@type":"ImageObject","url":"https:\/\/camarapocao.pe.gov.br\/v1\/wp-content\/uploads\/2025\/03\/camara01.jpg","@id":"https:\/\/camarapocao.pe.gov.br\/v1\/relativa-renovacao-na-camara-municipal-reativa-antigas-discussoes\/#mainImage","width":2560,"height":1439},"primaryImageOfPage":{"@id":"https:\/\/camarapocao.pe.gov.br\/v1\/relativa-renovacao-na-camara-municipal-reativa-antigas-discussoes\/#mainImage"},"datePublished":"2025-03-14T22:58:08-03:00","dateModified":"2025-03-14T22:58:08-03:00"},{"@type":"WebSite","@id":"https:\/\/camarapocao.pe.gov.br\/v1\/#website","url":"https:\/\/camarapocao.pe.gov.br\/v1\/","name":"C\u00e2mara de Po\u00e7\u00e3o","description":"Poder Legislativo de Po\u00e7\u00e3o-PE | Selo Diamante em Transpar\u00eancia","inLanguage":"pt-BR","publisher":{"@id":"https:\/\/camarapocao.pe.gov.br\/v1\/#organization"}}]},"og:locale":"pt_BR","og:site_name":"Poder Legislativo de Po\u00e7\u00e3o-PE  - Poder Legislativo de Po\u00e7\u00e3o-PE | Selo Diamante em Transpar\u00eancia","og:type":"article","og:title":"Relativa renova\u00e7\u00e3o na C\u00e2mara Municipal reativa antigas discuss\u00f5es. - Poder Legislativo de Po\u00e7\u00e3o-PE","og:description":"Durante as primeiras reuni\u00f5es ordin\u00e1rias na C\u00e2mara Municipal de Po\u00e7\u00e3o, o Poder Legislativo vigente j\u00e1 mostrou a que veio. Discuss\u00f5es acaloradas trouxeram \u00e0 baila quest\u00f5es essenciais para o Munic\u00edpio. Entre os primeiros requerimentos e projetos de lei em discuss\u00e3o, um em quest\u00e3o aqueceu o debate e instaurou um aparente dilema acerca do assunto: trata-se de","og:url":"https:\/\/camarapocao.pe.gov.br\/v1\/relativa-renovacao-na-camara-municipal-reativa-antigas-discussoes\/","og:image":"https:\/\/camarapocao.pe.gov.br\/v1\/wp-content\/uploads\/2022\/12\/f1c70120-950c-4e4c-8f60-bcaa79c526ef.jpg","og:image:secure_url":"https:\/\/camarapocao.pe.gov.br\/v1\/wp-content\/uploads\/2022\/12\/f1c70120-950c-4e4c-8f60-bcaa79c526ef.jpg","og:image:width":1080,"og:image:height":808,"article:published_time":"2025-03-15T01:58:08+00:00","article:modified_time":"2025-03-15T01:58:08+00:00","article:publisher":"https:\/\/www.facebook.com\/camaramunicipaldepocao\/","twitter:card":"summary_large_image","twitter:title":"Relativa renova\u00e7\u00e3o na C\u00e2mara Municipal reativa antigas discuss\u00f5es. - Poder Legislativo de Po\u00e7\u00e3o-PE","twitter:description":"Durante as primeiras reuni\u00f5es ordin\u00e1rias na C\u00e2mara Municipal de Po\u00e7\u00e3o, o Poder Legislativo vigente j\u00e1 mostrou a que veio. Discuss\u00f5es acaloradas trouxeram \u00e0 baila quest\u00f5es essenciais para o Munic\u00edpio. Entre os primeiros requerimentos e projetos de lei em discuss\u00e3o, um em quest\u00e3o aqueceu o debate e instaurou um aparente dilema acerca do assunto: trata-se de","twitter:image":"https:\/\/camarapocao.pe.gov.br\/v1\/wp-content\/uploads\/2022\/12\/f1c70120-950c-4e4c-8f60-bcaa79c526ef.jpg"},"aioseo_meta_data":{"post_id":"1827","title":null,"description":null,"keywords":null,"keyphrases":{"focus":{"keyphrase":"","score":0,"analysis":{"keyphraseInTitle":{"score":0,"maxScore":9,"error":1}}},"additional":[]},"primary_term":null,"canonical_url":null,"og_title":null,"og_description":null,"og_object_type":"default","og_image_type":"default","og_image_url":null,"og_image_width":null,"og_image_height":null,"og_image_custom_url":null,"og_image_custom_fields":null,"og_video":"","og_custom_url":null,"og_article_section":null,"og_article_tags":null,"twitter_use_og":false,"twitter_card":"default","twitter_image_type":"default","twitter_image_url":null,"twitter_image_custom_url":null,"twitter_image_custom_fields":null,"twitter_title":null,"twitter_description":null,"schema":{"blockGraphs":[],"customGraphs":[],"default":{"data":{"Article":[],"Course":[],"Dataset":[],"FAQPage":[],"Movie":[],"Person":[],"Product":[],"ProductReview":[],"Car":[],"Recipe":[],"Service":[],"SoftwareApplication":[],"WebPage":[]},"graphName":"BlogPosting","isEnabled":true},"graphs":[]},"schema_type":"default","schema_type_options":null,"pillar_content":false,"robots_default":true,"robots_noindex":false,"robots_noarchive":false,"robots_nosnippet":false,"robots_nofollow":false,"robots_noimageindex":false,"robots_noodp":false,"robots_notranslate":false,"robots_max_snippet":"-1","robots_max_videopreview":"-1","robots_max_imagepreview":"large","priority":null,"frequency":"default","local_seo":null,"breadcrumb_settings":null,"limit_modified_date":false,"ai":null,"created":"2025-03-15 01:58:08","updated":"2025-07-28 16:44:47","seo_analyzer_scan_date":null,"focus_keyword":null,"additional_keywords":null,"truseo_locale":null},"aioseo_breadcrumb":"<div class=\"aioseo-breadcrumbs\"><span class=\"aioseo-breadcrumb\">\n\t\t\t<a href=\"https:\/\/camarapocao.pe.gov.br\/v1\" title=\"In\u00edcio\">In\u00edcio<\/a>\n\t\t<\/span><span class=\"aioseo-breadcrumb-separator\">&raquo;<\/span><span class=\"aioseo-breadcrumb\">\n\t\t\t<a href=\"https:\/\/camarapocao.pe.gov.br\/v1\/category\/noticias\/\" title=\"NOTICIAS\">NOTICIAS<\/a>\n\t\t<\/span><span class=\"aioseo-breadcrumb-separator\">&raquo;<\/span><span class=\"aioseo-breadcrumb\">\n\t\t\tRelativa renova\u00e7\u00e3o na C\u00e2mara Municipal reativa antigas discuss\u00f5es.\n\t\t<\/span><\/div>","aioseo_breadcrumb_json":[{"label":"In\u00edcio","link":"https:\/\/camarapocao.pe.gov.br\/v1"},{"label":"NOTICIAS","link":"https:\/\/camarapocao.pe.gov.br\/v1\/category\/noticias\/"},{"label":"Relativa renova\u00e7\u00e3o na C\u00e2mara Municipal reativa antigas discuss\u00f5es.","link":"https:\/\/camarapocao.pe.gov.br\/v1\/relativa-renovacao-na-camara-municipal-reativa-antigas-discussoes\/"}],"_links":{"self":[{"href":"https:\/\/camarapocao.pe.gov.br\/v1\/wp-json\/wp\/v2\/posts\/1827","targetHints":{"allow":["GET"]}}],"collection":[{"href":"https:\/\/camarapocao.pe.gov.br\/v1\/wp-json\/wp\/v2\/posts"}],"about":[{"href":"https:\/\/camarapocao.pe.gov.br\/v1\/wp-json\/wp\/v2\/types\/post"}],"author":[{"embeddable":true,"href":"https:\/\/camarapocao.pe.gov.br\/v1\/wp-json\/wp\/v2\/users\/3"}],"replies":[{"embeddable":true,"href":"https:\/\/camarapocao.pe.gov.br\/v1\/wp-json\/wp\/v2\/comments?post=1827"}],"version-history":[{"count":1,"href":"https:\/\/camarapocao.pe.gov.br\/v1\/wp-json\/wp\/v2\/posts\/1827\/revisions"}],"predecessor-version":[{"id":1830,"href":"https:\/\/camarapocao.pe.gov.br\/v1\/wp-json\/wp\/v2\/posts\/1827\/revisions\/1830"}],"wp:featuredmedia":[{"embeddable":true,"href":"https:\/\/camarapocao.pe.gov.br\/v1\/wp-json\/wp\/v2\/media\/1829"}],"wp:attachment":[{"href":"https:\/\/camarapocao.pe.gov.br\/v1\/wp-json\/wp\/v2\/media?parent=1827"}],"wp:term":[{"taxonomy":"category","embeddable":true,"href":"https:\/\/camarapocao.pe.gov.br\/v1\/wp-json\/wp\/v2\/categories?post=1827"},{"taxonomy":"post_tag","embeddable":true,"href":"https:\/\/camarapocao.pe.gov.br\/v1\/wp-json\/wp\/v2\/tags?post=1827"}],"curies":[{"name":"wp","href":"https:\/\/api.w.org\/{rel}","templated":true}]}}