{"id":1764,"date":"2025-01-19T21:28:02","date_gmt":"2025-01-20T00:28:02","guid":{"rendered":"https:\/\/camarapocao.pe.gov.br\/v1\/?p=1764"},"modified":"2025-01-19T21:28:58","modified_gmt":"2025-01-20T00:28:58","slug":"vereadores-e-prefeito-eleito-da-cidade-de-pocao-pe-sao-empossados","status":"publish","type":"post","link":"https:\/\/camarapocao.pe.gov.br\/v1\/vereadores-e-prefeito-eleito-da-cidade-de-pocao-pe-sao-empossados\/","title":{"rendered":"Vereadores e prefeito eleito da cidade de Po\u00e7\u00e3o\/PE s\u00e3o empossados"},"content":{"rendered":"<p data-pm-slice=\"1 1 []\">Em um momento marcado pela solenidade e esperan\u00e7a, a C\u00e2mara de Vereadores realizou, nesta sexta-feira (15 de dezembro de 2024), a cerim\u00f4nia de diploma\u00e7\u00e3o dos vereadores e do prefeito e vice-prefeito eleitos para a legislatura 2025-2028. O evento aconteceu no audit\u00f3rio principal do Centro Cultural Municipal e contou com a presen\u00e7a de autoridades, familiares e mun\u00edcipes, al\u00e9m da transmiss\u00e3o ao vivo pelos canais oficiais da institui\u00e7\u00e3o.<\/p>\n<p>A sess\u00e3o foi presidida pelo juiz eleitoral da comarca, que deu in\u00edcio aos trabalhos com a execu\u00e7\u00e3o do Hino Nacional. Em seguida, cada um dos parlamentares eleitos foi chamado para receber o diploma que oficializa sua elei\u00e7\u00e3o e simboliza o compromisso com a Constitui\u00e7\u00e3o Federal, a Lei Org\u00e2nica do Munic\u00edpio e os princ\u00edpios democr\u00e1ticos que regem o mandato popular.<\/p>\n<p>O momento mais aguardado da cerim\u00f4nia foi a diplom\u00e7\u00e3o do prefeito e do vice-prefeito, que receberam oficialmente seus diplomas das m\u00e3os do juiz eleitoral. Em seu discurso, o novo chefe do Executivo municipal destacou a import\u00e2ncia da parceria entre os poderes Legislativo e Executivo para o desenvolvimento da cidade e reafirmou seu compromisso em trabalhar pelo bem-estar da popula\u00e7\u00e3o.<\/p>\n<p>Al\u00e9m das formalidades, a cerim\u00f4nia tamb\u00e9m foi um momento de celebra\u00e7\u00e3o e confraterniza\u00e7\u00e3o. Em seus pronunciamentos, os vereadores refor\u00e7aram a import\u00e2ncia de atuarem de forma conjunta para garantir avan\u00e7os significativos nas \u00e1reas da sa\u00fade, educa\u00e7\u00e3o, infraestrutura e seguran\u00e7a p\u00fablica.<\/p>\n<p>O evento encerrou-se com a tradicional foto oficial dos diplomados, marcando o in\u00edcio de um novo ciclo para o Legislativo e o Executivo municipais. A C\u00e2mara de Vereadores reafirma seu compromisso em ser uma ponte entre a popula\u00e7\u00e3o e os representantes eleitos, promovendo transpar\u00eancia e participa\u00e7\u00e3o cidad\u00e3 ao longo dos pr\u00f3ximos quatro anos.<\/p>\n<p><img loading=\"lazy\" decoding=\"async\" class=\"img-responsive alignnone  wp-image-1765\" src=\"https:\/\/camarapocao.pe.gov.br\/v1\/wp-content\/uploads\/2025\/01\/pref_not3-300x176.jpg\" alt=\"\" width=\"487\" height=\"286\" \/><\/p>\n<p><img loading=\"lazy\" decoding=\"async\" class=\"img-responsive alignnone  wp-image-1766\" src=\"https:\/\/camarapocao.pe.gov.br\/v1\/wp-content\/uploads\/2025\/01\/pref_not2-300x163.jpg\" alt=\"\" width=\"521\" height=\"283\" \/><\/p>\n<p><img loading=\"lazy\" decoding=\"async\" class=\"img-responsive alignnone  wp-image-1767\" src=\"https:\/\/camarapocao.pe.gov.br\/v1\/wp-content\/uploads\/2025\/01\/pref_not1-300x182.jpg\" alt=\"\" width=\"466\" height=\"283\" \/><\/p>\n","protected":false},"excerpt":{"rendered":"<p>Em um momento marcado pela solenidade e esperan\u00e7a, a C\u00e2mara de Vereadores realizou, nesta sexta-feira (15 de dezembro de 2024), a cerim\u00f4nia de diploma\u00e7\u00e3o dos <a class=\"leiamais\" href=\"https:\/\/camarapocao.pe.gov.br\/v1\/vereadores-e-prefeito-eleito-da-cidade-de-pocao-pe-sao-empossados\/\"><i class=\"fa fa-angle-double-right\" aria-hidden=\"true\"><\/i><br \/>\n<\/a><\/p>\n","protected":false},"author":3,"featured_media":1766,"comment_status":"open","ping_status":"open","sticky":false,"template":"","format":"standard","meta":{"footnotes":""},"categories":[4],"tags":[],"class_list":["post-1764","post","type-post","status-publish","format-standard","has-post-thumbnail","hentry","category-noticias","active"],"aioseo_notices":[],"_links":{"self":[{"href":"https:\/\/camarapocao.pe.gov.br\/v1\/wp-json\/wp\/v2\/posts\/1764","targetHints":{"allow":["GET"]}}],"collection":[{"href":"https:\/\/camarapocao.pe.gov.br\/v1\/wp-json\/wp\/v2\/posts"}],"about":[{"href":"https:\/\/camarapocao.pe.gov.br\/v1\/wp-json\/wp\/v2\/types\/post"}],"author":[{"embeddable":true,"href":"https:\/\/camarapocao.pe.gov.br\/v1\/wp-json\/wp\/v2\/users\/3"}],"replies":[{"embeddable":true,"href":"https:\/\/camarapocao.pe.gov.br\/v1\/wp-json\/wp\/v2\/comments?post=1764"}],"version-history":[{"count":3,"href":"https:\/\/camarapocao.pe.gov.br\/v1\/wp-json\/wp\/v2\/posts\/1764\/revisions"}],"predecessor-version":[{"id":1774,"href":"https:\/\/camarapocao.pe.gov.br\/v1\/wp-json\/wp\/v2\/posts\/1764\/revisions\/1774"}],"wp:featuredmedia":[{"embeddable":true,"href":"https:\/\/camarapocao.pe.gov.br\/v1\/wp-json\/wp\/v2\/media\/1766"}],"wp:attachment":[{"href":"https:\/\/camarapocao.pe.gov.br\/v1\/wp-json\/wp\/v2\/media?parent=1764"}],"wp:term":[{"taxonomy":"category","embeddable":true,"href":"https:\/\/camarapocao.pe.gov.br\/v1\/wp-json\/wp\/v2\/categories?post=1764"},{"taxonomy":"post_tag","embeddable":true,"href":"https:\/\/camarapocao.pe.gov.br\/v1\/wp-json\/wp\/v2\/tags?post=1764"}],"curies":[{"name":"wp","href":"https:\/\/api.w.org\/{rel}","templated":true}]}}