{"id":1758,"date":"2025-01-18T15:25:21","date_gmt":"2025-01-18T18:25:21","guid":{"rendered":"https:\/\/camarapocao.pe.gov.br\/v1\/?p=1758"},"modified":"2025-01-18T15:25:21","modified_gmt":"2025-01-18T18:25:21","slug":"cigano-e-eleito-novo-presidente-da-camara-para-legislacao-2025-2026","status":"publish","type":"post","link":"https:\/\/camarapocao.pe.gov.br\/v1\/cigano-e-eleito-novo-presidente-da-camara-para-legislacao-2025-2026\/","title":{"rendered":"Cigano \u00e9 eleito novo presidente da C\u00e2mara para legisla\u00e7\u00e3o 2025-2026"},"content":{"rendered":"<p data-raofz=\"17\">O atual vereador da C\u00e2mara de Po\u00e7\u00e3o-PE, Jos\u00e9 Gleison, conhecido por Cigano, foi eleito nesta novo presidente do Poder Legislativo da cidade de Po\u00e7\u00e3o. Ele suceder\u00e1 o Vereador Ca\u00edque Alberto, que ocupou o cargo pelos \u00faltimos\u00a0 dois anos.\u00a0Na oportunidade, 6 vereadores julgaram Gleison como a melhor op\u00e7\u00e3o para assumir a presid\u00eancia da mesa diretora.<\/p>\n<p data-raofz=\"17\">Desta forma, com a mesa diretora da C\u00e2mara Legislativa de Po\u00e7\u00e3o\/PE empossada, a lideran\u00e7a das pautas do Poder Legislativo ser\u00e1 guiada pelo Vereador Cigano que est\u00e1 em seu segundo mandato.<\/p>\n<p data-raofz=\"17\">Na assembleia que oficializou essas mudan\u00e7as se fizeram presentes familiares, eleitores e populares para saudar o novo presidente.<\/p>\n<p data-raofz=\"17\"><img loading=\"lazy\" decoding=\"async\" class=\"img-responsive alignnone  wp-image-1761\" src=\"https:\/\/camarapocao.pe.gov.br\/v1\/wp-content\/uploads\/2025\/01\/cigano_noticia-300x179.jpg\" alt=\"\" width=\"437\" height=\"261\" \/><\/p>\n<p data-raofz=\"17\"><img loading=\"lazy\" decoding=\"async\" width=\"204\" height=\"300\" class=\"img-responsive alignnone size-medium wp-image-1759\" src=\"https:\/\/camarapocao.pe.gov.br\/v1\/wp-content\/uploads\/2025\/01\/cigano_noticia3-204x300.jpg\" alt=\"\" \/> <img loading=\"lazy\" decoding=\"async\" width=\"230\" height=\"300\" class=\"img-responsive alignnone size-medium wp-image-1760\" src=\"https:\/\/camarapocao.pe.gov.br\/v1\/wp-content\/uploads\/2025\/01\/cigano_noticia2-230x300.jpg\" alt=\"\" \/><\/p>\n","protected":false},"excerpt":{"rendered":"<p>O atual vereador da C\u00e2mara de Po\u00e7\u00e3o-PE, Jos\u00e9 Gleison, conhecido por Cigano, foi eleito nesta novo presidente do Poder Legislativo da cidade de Po\u00e7\u00e3o. Ele <a class=\"leiamais\" href=\"https:\/\/camarapocao.pe.gov.br\/v1\/cigano-e-eleito-novo-presidente-da-camara-para-legislacao-2025-2026\/\"><i class=\"fa fa-angle-double-right\" aria-hidden=\"true\"><\/i><br \/>\n<\/a><\/p>\n","protected":false},"author":3,"featured_media":1761,"comment_status":"open","ping_status":"open","sticky":false,"template":"","format":"standard","meta":{"footnotes":""},"categories":[4],"tags":[],"class_list":["post-1758","post","type-post","status-publish","format-standard","has-post-thumbnail","hentry","category-noticias","active"],"aioseo_notices":[],"_links":{"self":[{"href":"https:\/\/camarapocao.pe.gov.br\/v1\/wp-json\/wp\/v2\/posts\/1758","targetHints":{"allow":["GET"]}}],"collection":[{"href":"https:\/\/camarapocao.pe.gov.br\/v1\/wp-json\/wp\/v2\/posts"}],"about":[{"href":"https:\/\/camarapocao.pe.gov.br\/v1\/wp-json\/wp\/v2\/types\/post"}],"author":[{"embeddable":true,"href":"https:\/\/camarapocao.pe.gov.br\/v1\/wp-json\/wp\/v2\/users\/3"}],"replies":[{"embeddable":true,"href":"https:\/\/camarapocao.pe.gov.br\/v1\/wp-json\/wp\/v2\/comments?post=1758"}],"version-history":[{"count":1,"href":"https:\/\/camarapocao.pe.gov.br\/v1\/wp-json\/wp\/v2\/posts\/1758\/revisions"}],"predecessor-version":[{"id":1762,"href":"https:\/\/camarapocao.pe.gov.br\/v1\/wp-json\/wp\/v2\/posts\/1758\/revisions\/1762"}],"wp:featuredmedia":[{"embeddable":true,"href":"https:\/\/camarapocao.pe.gov.br\/v1\/wp-json\/wp\/v2\/media\/1761"}],"wp:attachment":[{"href":"https:\/\/camarapocao.pe.gov.br\/v1\/wp-json\/wp\/v2\/media?parent=1758"}],"wp:term":[{"taxonomy":"category","embeddable":true,"href":"https:\/\/camarapocao.pe.gov.br\/v1\/wp-json\/wp\/v2\/categories?post=1758"},{"taxonomy":"post_tag","embeddable":true,"href":"https:\/\/camarapocao.pe.gov.br\/v1\/wp-json\/wp\/v2\/tags?post=1758"}],"curies":[{"name":"wp","href":"https:\/\/api.w.org\/{rel}","templated":true}]}}